{"id":17614,"date":"2026-03-13T07:21:57","date_gmt":"2026-03-13T07:21:57","guid":{"rendered":"https:\/\/mobiapps.ee\/?p=17614"},"modified":"2026-03-11T06:05:45","modified_gmt":"2026-03-11T06:05:45","slug":"was-bekommen-ab-ins-beet-darsteller-3","status":"publish","type":"post","link":"https:\/\/mobiapps.ee\/?p=17614","title":{"rendered":"Was bekommen ab ins Beet Darsteller?"},"content":{"rendered":"<div id=\"toc\" style=\"background: #f9f9f9;border: 1px solid #aaa;display: table;margin-bottom: 1em;padding: 1em;width: 350px;\">\n<p class=\"toctitle\" style=\"font-weight: 700;text-align: center;\">Content<\/p>\n<ul class=\"toc_list\">\n<li><a href=\"#toc-0\">Ralf Dammasch nach Show-Aus: DAS ist jetzt sein neuer Job<\/a><\/li>\n<li><a href=\"#toc-2\">Wann kommt ab ins Beet 2022?<\/a><\/li>\n<li><a href=\"#toc-3\">Mehr News zu den Stars von \u201eAb ins Beet!\u201c:<\/a><\/li>\n<li><a href=\"#toc-5\">Ralf Dammasch: Vom Gartenliebhaber zum TV-Star<\/a><\/li>\n<\/ul>\n<\/div>\n<p>Taschenjunge Gunnar, Organisator Ralf Dammasch und Big Boss Claus bilden das \u201eR\u00fcbenbr\u00fcder\u201c-Team.Trotzdem haben sich die drei Freunde mit den Gartners vers\u00f6hnt und sind dabei, sich nach anderen Orten umzusehen, um sich niederzulassen. Dann richte deine Bewerbung bitte nicht an uns, sondern direkt an die Email-Adresse 2003 kauften Ralf Dammasch und seine Ehefrau Petra den Reidelhof in Goch mit 5000 Quadratmetern Land und schufen aus einem Acker einen prachtvollen Landschaftsgarten. F\u00fcr die VOX-Folge \u201eDie R\u00fcbenbr\u00fcder\u201c aus dem Jahr 2014 stellte sich das Gartentrio der Herausforderung, bisher ungesehene G\u00e4rten zu versch\u00f6nern. Hier hat Ralf gemeinsam mit seiner Frau Petra einen prachtvollen Schaugarten geschaffen, der regelm\u00e4\u00dfig f\u00fcr Kunstausstellungen oder musikalische Auff\u00fchrungen genutzt wird.<\/p>\n<ul>\n<li>Jindrich Staidel wird Melodien auf dem traditionellen Blasinstrument der b\u00f6hmischen Glasbl\u00e4ser, dem Ceskeridu, erklingen lassen.<\/li>\n<li>Das Paar zieht dort zusammen und ist derzeit auf Wohnungssuche, \u201eaber \u2026<\/li>\n<li>Eine Beschreibung der G\u00e4rten, weitere Termine, Fotos und Adressen enth\u00e4lt das Faltblatt \u201eOffene G\u00e4rten im Kleverland\u201c, das bei Kleve Marketing, im Rathaus Bedburg-Hau und im Infocenter Moyland erh\u00e4ltlich ist.<\/li>\n<li>Der Landschaftsg\u00e4rtner und TV-Gesicht lebt weiterhin in Nordrhein-Westfalen und ist nach wie vor in der Gartenwelt aktiv.<\/li>\n<li>2003 kauften er und seine Frau Petra ein 5.000 Quadratmeter gro\u00dfes Grundst\u00fcck in Goch, Deutschland.<\/li>\n<\/ul>\n<h2 id=\"toc-0\">Ralf Dammasch nach Show-Aus: DAS ist jetzt sein neuer Job<\/h2>\n<p>Ein herausragendes Beispiel ist der Landschaftsgarten auf dem Reidelhof in Goch, den er gemeinsam mit seiner Frau Petra geschaffen hat. Ralf Dammasch, ein bekannter TV-G\u00e4rtner und Landschaftsgestalter, hat durch kluge finanzielle Entscheidungen und strategische Investitionen ein beeindruckendes Verm\u00f6gen aufgebaut. Auf einem 5000 Quadratmeter gro\u00dfen Gel\u00e4nde hat er einen vielf\u00e4ltigen Garten geschaffen, der sowohl \u00e4sthetisch als auch funktional ist. Der Landschaftsgarten auf dem Reidelhof ist ein Paradebeispiel f\u00fcr Ralf Dammaschs innovative und nachhaltige Gartenprojekte. Eines der bemerkenswertesten Projekte von Ralf Dammasch ist der Schulgarten des Campus Oppum. Ralf Dammasch ist nicht nur f\u00fcr seine beeindruckenden Gartenprojekte bekannt, sondern auch f\u00fcr seine nachhaltigen Ans\u00e4tze.<\/p>\n<p>In jeder Folge nehmen sich die Beet-Br\u00fcder einen Garten vor, der dringend eine Frischzellenkur braucht \u2013 vom verwilderten Hanggrundst\u00fcck bis zum tristen Schlauchgarten. Trotz seines Ausscheidens wird Ralf weiterhin bei \u201eDie R\u00fcbenbr\u00fcder\u201c und \u201eAb ins R\u00fcben! Ralf wurde zusammen mit seinen Kollegen Claus und Ralle als \u201eDie R\u00fcbenbr\u00fcder\u201c bekannt. Es ist ein enormer Vorteil, dass ich immer noch nach drau\u00dfen gehen und die frische Luft genie\u00dfen kann.<\/p>\n<h3 id=\"toc-1\">Das Wetter heute in Stuttgart<\/h3>\n<p>In Zusammenarbeit mit der Realschule Oppum entwickelte er das Konzept \u201eWir sind Garten\u201c, wobei er einen beeindruckenden Schulgarten plante und umsetzte. Ralf Dammasch begann seine Karriere als Landschaftsg\u00e4rtner und schuf beeindruckende Gr\u00fcnanlagen, von \u00f6ffentlichen Parks bis hin zu luxuri\u00f6sen Privatg\u00e4rten. Im Jahr 2003 kaufte Ralf Dammasch gemeinsam mit seiner Frau Petra den Reidelhof in Goch mit einem 5.000 Quadratmeter gro\u00dfen Grundst\u00fcck und verwandelte einen Acker in einen wundersch\u00f6nen Landschaftsgarten. Auch f\u00fcr den Garten von Sandrine und Ralf haben die Beetbr\u00fcder nur sieben Tage Zeit. Der 5000 Quadratmeter gro\u00dfe Landschaftsgarten, den er dort geschaffen hat, ist ein Paradebeispiel f\u00fcr seine Vision und Kreativit\u00e4t.<\/p>\n<h2 id=\"toc-2\">Wann kommt ab ins Beet 2022?<\/h2>\n<p>Geburtstages des Kleingartenvereins hat Pr\u00e4sident Peter echte Profis engagiert. Denn zur Jubil\u00e4umsfeier soll das neue, riesige Hochbeet fertig sein. Mehr Farbe im Bochumer Kleingartenverein. Nach den Renovierungsarbeiten drinnen entstand ein Pool. Vor drei Jahren haben Andy und Niko das Haus in Herne gekauft.<\/p>\n<p>F\u00fcr den neuen Eigent\u00fcmer will er seine 5000 Quadratmeter sauber hinterlassen. Insgesamt vier Folgen umfasst die dritte Staffel. In dem Format reisen drei Paare ins Ungewisse. Damit erweitert die Autohausgruppe aus Nordrhein-Westfalen Ihr Angebotsspektrum um einen weiteren Bereich f\u00fcr private und gesch\u00e4ftliche Zielgruppen.<\/p>\n<p>In der Dokus-Soap Die Beet-Br\u00fcder geht es um drei G\u00e4rtner und Handwerker, die innerhalb einer Woche G\u00e4rten umgestalten und versch\u00f6nern. Somit kennen sich die beiden Parteien seit \u00fcber 20 Jahren und ELTEN hat den Videodreh formlos beantragt. Wie in der VOX-Sendung \u201eDie R\u00fcben-Br\u00fcder\u201c zu sehen war, \u00fcbernahm 2014 ein dreik\u00f6pfiges G\u00e4rtnerteam die Aufgabe, die Au\u00dfenanlagen der Zuschauer attraktiver zu machen. Die G\u00e4ste werden viel Spa\u00df beim Erkunden der vielen Themeng\u00e4rten, Kunstausstellungen, Amphitheater und Treffpunkte f\u00fcr Teenager haben. Ralf Dammasch und seine Frau Petra erwarben 2003 den 5.000 Quadratmeter gro\u00dfen Reidelhof bei Goch und verwandelten ihn in einen wundersch\u00f6nen Garten. F\u00fcr das Konzept \u201eWir sind ein Garten\u201c, bei dem er mit der Realschule Oppum zusammenarbeitete, war er f\u00fcr die Planung des Schulgartens verantwortlich.<\/p>\n<h2 id=\"toc-5\">Ralf Dammasch: Vom Gartenliebhaber zum TV-Star<\/h2>\n<p>Die Lehrer dr\u00fccken nicht mehr die Schulbank, sondern schuften im Garten. Die St\u00fctzmauern f\u00fcr den Senkgarten brauchen viel Zeit. Das Bundeskleingarten-Gesetz erfordert kreative L\u00f6sungen. Dank Claus baut Andi eigenst\u00e4ndig die Treppe f\u00fcr den Senkgarten.<\/p>\n<p>Was als vers\u00f6hnliche Geste gedacht war, entwickelt sich zur emotionalen Achterbahnfahrt, zumal auch Luisas aktueller Partner Renzo Tegas (Andreas Hammer) mitmischt. Auch\u00a0Dr. <a href=\"https:\/\/www.reidelhof.de\/\">ralf dammasch reidelhof<\/a> Kathrin Globisch (Andrea Kathrin Loewig)\u00a0wird von Maren mit einer schwierigen Mission betraut. In einem Gespr\u00e4ch der beiden dreht sich das Thema pl\u00f6tzlich auf\u00a0Vera Bader (Claudia Wenzel). Dabei kommt ein dramatisches, gesundheitliches Problem ans Licht. Doch w\u00e4hrend Maria k\u00e4mpft, verschlechtert sich Jakobs mysteri\u00f6ser Zustand dramatisch&#8230;<\/p>\n","protected":false},"excerpt":{"rendered":"<p>Content Ralf Dammasch nach Show-Aus: DAS ist jetzt sein neuer Job Wann kommt ab ins Beet 2022? Mehr News zu den Stars von \u201eAb ins Beet!\u201c: Ralf Dammasch: Vom Gartenliebhaber zum TV-Star Taschenjunge Gunnar, Organisator Ralf Dammasch und Big Boss Claus bilden das \u201eR\u00fcbenbr\u00fcder\u201c-Team.Trotzdem haben sich die drei Freunde mit den Gartners vers\u00f6hnt und sind [&hellip;]<\/p>\n","protected":false},"author":3,"featured_media":0,"comment_status":"open","ping_status":"open","sticky":false,"template":"","format":"standard","meta":{"site-sidebar-layout":"default","site-content-layout":"","ast-site-content-layout":"default","site-content-style":"default","site-sidebar-style":"default","ast-global-header-display":"","ast-banner-title-visibility":"","ast-main-header-display":"","ast-hfb-above-header-display":"","ast-hfb-below-header-display":"","ast-hfb-mobile-header-display":"","site-post-title":"","ast-breadcrumbs-content":"","ast-featured-img":"","footer-sml-layout":"","ast-disable-related-posts":"","theme-transparent-header-meta":"","adv-header-id-meta":"","stick-header-meta":"","header-above-stick-meta":"","header-main-stick-meta":"","header-below-stick-meta":"","astra-migrate-meta-layouts":"default","ast-page-background-enabled":"default","ast-page-background-meta":{"desktop":{"background-color":"","background-image":"","background-repeat":"repeat","background-position":"center center","background-size":"auto","background-attachment":"scroll","background-type":"","background-media":"","overlay-type":"","overlay-color":"","overlay-opacity":"","overlay-gradient":""},"tablet":{"background-color":"","background-image":"","background-repeat":"repeat","background-position":"center center","background-size":"auto","background-attachment":"scroll","background-type":"","background-media":"","overlay-type":"","overlay-color":"","overlay-opacity":"","overlay-gradient":""},"mobile":{"background-color":"","background-image":"","background-repeat":"repeat","background-position":"center center","background-size":"auto","background-attachment":"scroll","background-type":"","background-media":"","overlay-type":"","overlay-color":"","overlay-opacity":"","overlay-gradient":""}},"ast-content-background-meta":{"desktop":{"background-color":"var(--ast-global-color-5)","background-image":"","background-repeat":"repeat","background-position":"center center","background-size":"auto","background-attachment":"scroll","background-type":"","background-media":"","overlay-type":"","overlay-color":"","overlay-opacity":"","overlay-gradient":""},"tablet":{"background-color":"var(--ast-global-color-5)","background-image":"","background-repeat":"repeat","background-position":"center center","background-size":"auto","background-attachment":"scroll","background-type":"","background-media":"","overlay-type":"","overlay-color":"","overlay-opacity":"","overlay-gradient":""},"mobile":{"background-color":"var(--ast-global-color-5)","background-image":"","background-repeat":"repeat","background-position":"center center","background-size":"auto","background-attachment":"scroll","background-type":"","background-media":"","overlay-type":"","overlay-color":"","overlay-opacity":"","overlay-gradient":""}},"footnotes":""},"categories":[182],"tags":[],"class_list":["post-17614","post","type-post","status-publish","format-standard","hentry","category-www-reidelhof-de"],"_links":{"self":[{"href":"https:\/\/mobiapps.ee\/index.php?rest_route=\/wp\/v2\/posts\/17614","targetHints":{"allow":["GET"]}}],"collection":[{"href":"https:\/\/mobiapps.ee\/index.php?rest_route=\/wp\/v2\/posts"}],"about":[{"href":"https:\/\/mobiapps.ee\/index.php?rest_route=\/wp\/v2\/types\/post"}],"author":[{"embeddable":true,"href":"https:\/\/mobiapps.ee\/index.php?rest_route=\/wp\/v2\/users\/3"}],"replies":[{"embeddable":true,"href":"https:\/\/mobiapps.ee\/index.php?rest_route=%2Fwp%2Fv2%2Fcomments&post=17614"}],"version-history":[{"count":1,"href":"https:\/\/mobiapps.ee\/index.php?rest_route=\/wp\/v2\/posts\/17614\/revisions"}],"predecessor-version":[{"id":17615,"href":"https:\/\/mobiapps.ee\/index.php?rest_route=\/wp\/v2\/posts\/17614\/revisions\/17615"}],"wp:attachment":[{"href":"https:\/\/mobiapps.ee\/index.php?rest_route=%2Fwp%2Fv2%2Fmedia&parent=17614"}],"wp:term":[{"taxonomy":"category","embeddable":true,"href":"https:\/\/mobiapps.ee\/index.php?rest_route=%2Fwp%2Fv2%2Fcategories&post=17614"},{"taxonomy":"post_tag","embeddable":true,"href":"https:\/\/mobiapps.ee\/index.php?rest_route=%2Fwp%2Fv2%2Ftags&post=17614"}],"curies":[{"name":"wp","href":"https:\/\/api.w.org\/{rel}","templated":true}]}}